{"id":1410,"date":"2025-10-23T10:08:53","date_gmt":"2025-10-23T08:08:53","guid":{"rendered":"https:\/\/mladez.evangnet.cz\/moravskoslezska\/?p=1410"},"modified":"2026-02-24T15:08:25","modified_gmt":"2026-02-24T14:08:25","slug":"navrhni-kandidaty-do-synodni-rady","status":"publish","type":"post","link":"https:\/\/mladez.evangnet.cz\/moravskoslezska\/2025\/10\/23\/navrhni-kandidaty-do-synodni-rady\/","title":{"rendered":"Navrhni kandid\u00e1ty do synodn\u00ed rady!"},"content":{"rendered":"\n<blockquote class=\"wp-block-quote is-layout-flow wp-block-quote-is-layout-flow\">\n<p>Iniciativa <a href=\"https:\/\/mladez.evangnet.cz\/celocirkevni-odbor-mladeze\/\" data-type=\"link\" data-id=\"https:\/\/mladez.evangnet.cz\/celocirkevni-odbor-mladeze\/\">Celoc\u00edrkevn\u00edho odboru ml\u00e1de\u017ee<\/a>:<\/p>\n<\/blockquote>\n\n\n\n<p>Za\u010d\u00e1tkem listopadu budou prob\u00edhat ve va\u0161ich senior\u00e1tech konventy, na kter\u00fdch se budou d\u00e1vat dohromady n\u00e1vrhy na budouc\u00ed \u010dleny synodn\u00ed rady.<\/p>\n\n\n\n<p>Synodn\u00ed rada je jeden z hlavn\u00edch org\u00e1n\u016f v \u010dele na\u0161\u00ed c\u00edrkve a jejich pr\u00e1ce bude ovliv\u0148ovat celou c\u00edrkev i n\u00e1s, ml\u00e1de\u017e. Proto se chceme a c\u00edrkevn\u00ed samospr\u00e1v\u011b pod\u00edlet a vyu\u017e\u00edt poradn\u00edho hlasu, kter\u00fd jako ml\u00e1de\u017e m\u00e1me a navrhnout lidi, kter\u00e9 pova\u017eujeme za dobr\u00e9 kandid\u00e1ty.<\/p>\n\n\n\n<p>P\u0159ij\u010f na online sch\u016fzi a navrhni koho pova\u017euje\u0161 za dobr\u00e9ho kandid\u00e1ta do veden\u00ed c\u00edrkve!<\/p>\n\n\n\n<p>28. 10. v 19:00 <a href=\"https:\/\/meet.google.com\/ekj-micq-owf?pli=1\" target=\"_blank\" rel=\"noopener\">https:\/\/meet.google.com\/ekj-micq-owf?pli=1<\/a><\/p>\n\n\n\n<p>Nezvl\u00e1dne\u0161 se p\u0159ipojit? Pov\u011bz n\u00e1m sv\u00e9 kandid\u00e1ty ve formul\u00e1\u0159i <a href=\"https:\/\/forms.gle\/xmP7MrVXbvVioxzf7\" target=\"_blank\" rel=\"noopener\">https:\/\/forms.gle\/xmP7MrVXbvVioxzf7<\/a><\/p>\n\n\n\n<figure class=\"wp-block-image size-large\"><img loading=\"lazy\" decoding=\"async\" width=\"642\" height=\"1024\" src=\"https:\/\/mladez.evangnet.cz\/moravskoslezska\/wp-content\/uploads\/sites\/10\/2025\/10\/2-642x1024.png\" alt=\"\" class=\"wp-image-1412\" srcset=\"https:\/\/mladez.evangnet.cz\/moravskoslezska\/wp-content\/uploads\/sites\/10\/2025\/10\/2-642x1024.png 642w, https:\/\/mladez.evangnet.cz\/moravskoslezska\/wp-content\/uploads\/sites\/10\/2025\/10\/2-188x300.png 188w, https:\/\/mladez.evangnet.cz\/moravskoslezska\/wp-content\/uploads\/sites\/10\/2025\/10\/2-768x1226.png 768w, https:\/\/mladez.evangnet.cz\/moravskoslezska\/wp-content\/uploads\/sites\/10\/2025\/10\/2-963x1536.png 963w, https:\/\/mladez.evangnet.cz\/moravskoslezska\/wp-content\/uploads\/sites\/10\/2025\/10\/2-1283x2048.png 1283w, https:\/\/mladez.evangnet.cz\/moravskoslezska\/wp-content\/uploads\/sites\/10\/2025\/10\/2.png 1410w\" sizes=\"auto, (max-width: 642px) 100vw, 642px\" \/><\/figure>\n\n\n\n<figure class=\"wp-block-image size-large\"><img loading=\"lazy\" decoding=\"async\" width=\"642\" height=\"1024\" src=\"https:\/\/mladez.evangnet.cz\/moravskoslezska\/wp-content\/uploads\/sites\/10\/2025\/10\/3-642x1024.png\" alt=\"\" class=\"wp-image-1413\" srcset=\"https:\/\/mladez.evangnet.cz\/moravskoslezska\/wp-content\/uploads\/sites\/10\/2025\/10\/3-642x1024.png 642w, https:\/\/mladez.evangnet.cz\/moravskoslezska\/wp-content\/uploads\/sites\/10\/2025\/10\/3-188x300.png 188w, https:\/\/mladez.evangnet.cz\/moravskoslezska\/wp-content\/uploads\/sites\/10\/2025\/10\/3-768x1226.png 768w, https:\/\/mladez.evangnet.cz\/moravskoslezska\/wp-content\/uploads\/sites\/10\/2025\/10\/3-963x1536.png 963w, https:\/\/mladez.evangnet.cz\/moravskoslezska\/wp-content\/uploads\/sites\/10\/2025\/10\/3-1283x2048.png 1283w, https:\/\/mladez.evangnet.cz\/moravskoslezska\/wp-content\/uploads\/sites\/10\/2025\/10\/3.png 1410w\" sizes=\"auto, (max-width: 642px) 100vw, 642px\" \/><\/figure>\n\n\n\n<p><\/p>\n","protected":false},"excerpt":{"rendered":"<p>Iniciativa Celoc\u00edrkevn\u00edho odboru ml\u00e1de\u017ee: Za\u010d\u00e1tkem listopadu budou prob\u00edhat ve va\u0161ich senior\u00e1tech konventy, na kter\u00fdch se budou d\u00e1vat dohromady n\u00e1vrhy na budouc\u00ed \u010dleny synodn\u00ed rady. Synodn\u00ed rada je jeden z hlavn\u00edch org\u00e1n\u016f v \u010dele na\u0161\u00ed c\u00edrkve a jejich pr\u00e1ce bude ovliv\u0148ovat celou c\u00edrkev i n\u00e1s, ml\u00e1de\u017e. Proto se chceme a c\u00edrkevn\u00ed samospr\u00e1v\u011b pod\u00edlet a vyu\u017e\u00edt poradn\u00edho [&hellip;]<\/p>\n","protected":false},"author":15,"featured_media":1411,"comment_status":"closed","ping_status":"open","sticky":false,"template":"","format":"standard","meta":{"footnotes":""},"categories":[1],"tags":[],"class_list":["post-1410","post","type-post","status-publish","format-standard","has-post-thumbnail","hentry","category-nezarazene"],"_links":{"self":[{"href":"https:\/\/mladez.evangnet.cz\/moravskoslezska\/wp-json\/wp\/v2\/posts\/1410","targetHints":{"allow":["GET"]}}],"collection":[{"href":"https:\/\/mladez.evangnet.cz\/moravskoslezska\/wp-json\/wp\/v2\/posts"}],"about":[{"href":"https:\/\/mladez.evangnet.cz\/moravskoslezska\/wp-json\/wp\/v2\/types\/post"}],"author":[{"embeddable":true,"href":"https:\/\/mladez.evangnet.cz\/moravskoslezska\/wp-json\/wp\/v2\/users\/15"}],"replies":[{"embeddable":true,"href":"https:\/\/mladez.evangnet.cz\/moravskoslezska\/wp-json\/wp\/v2\/comments?post=1410"}],"version-history":[{"count":2,"href":"https:\/\/mladez.evangnet.cz\/moravskoslezska\/wp-json\/wp\/v2\/posts\/1410\/revisions"}],"predecessor-version":[{"id":1415,"href":"https:\/\/mladez.evangnet.cz\/moravskoslezska\/wp-json\/wp\/v2\/posts\/1410\/revisions\/1415"}],"wp:featuredmedia":[{"embeddable":true,"href":"https:\/\/mladez.evangnet.cz\/moravskoslezska\/wp-json\/wp\/v2\/media\/1411"}],"wp:attachment":[{"href":"https:\/\/mladez.evangnet.cz\/moravskoslezska\/wp-json\/wp\/v2\/media?parent=1410"}],"wp:term":[{"taxonomy":"category","embeddable":true,"href":"https:\/\/mladez.evangnet.cz\/moravskoslezska\/wp-json\/wp\/v2\/categories?post=1410"},{"taxonomy":"post_tag","embeddable":true,"href":"https:\/\/mladez.evangnet.cz\/moravskoslezska\/wp-json\/wp\/v2\/tags?post=1410"}],"curies":[{"name":"wp","href":"https:\/\/api.w.org\/{rel}","templated":true}]}}